{"id":955,"date":"2020-04-13T18:41:49","date_gmt":"2020-04-13T16:41:49","guid":{"rendered":"http:\/\/www.visioninterieure.fr\/hevidanse\/?p=955"},"modified":"2025-09-16T13:51:02","modified_gmt":"2025-09-16T11:51:02","slug":"danse-afro-sensitive","status":"publish","type":"post","link":"https:\/\/www.visioninterieure.fr\/hevidanse\/index.php\/2020\/04\/13\/danse-afro-sensitive\/","title":{"rendered":"Danse Afro Sensitive"},"content":{"rendered":"\t\t<div data-elementor-type=\"wp-post\" data-elementor-id=\"955\" class=\"elementor elementor-955\" data-elementor-settings=\"[]\">\n\t\t\t\t\t\t<div class=\"elementor-inner\">\n\t\t\t\t\t\t\t<div class=\"elementor-section-wrap\">\n\t\t\t\t\t\t\t<section class=\"elementor-section elementor-top-section elementor-element elementor-element-f92e80f elementor-section-boxed elementor-section-height-default elementor-section-height-default\" data-id=\"f92e80f\" data-element_type=\"section\">\n\t\t\t\t\t\t<div class=\"elementor-container elementor-column-gap-default\">\n\t\t\t\t\t\t\t<div class=\"elementor-row\">\n\t\t\t\t\t<div class=\"elementor-column elementor-col-100 elementor-top-column elementor-element elementor-element-7873a1c\" data-id=\"7873a1c\" data-element_type=\"column\">\n\t\t\t<div class=\"elementor-column-wrap elementor-element-populated\">\n\t\t\t\t\t\t\t<div class=\"elementor-widget-wrap\">\n\t\t\t\t\t\t<div class=\"elementor-element elementor-element-f6c0567 elementor-widget elementor-widget-heading\" data-id=\"f6c0567\" data-element_type=\"widget\" data-widget_type=\"heading.default\">\n\t\t\t\t<div class=\"elementor-widget-container\">\n\t\t\t<h2 class=\"elementor-heading-title elementor-size-default\">Danse Afro Sensitive<\/h2>\t\t<\/div>\n\t\t\t\t<\/div>\n\t\t\t\t\t\t<\/div>\n\t\t\t\t\t<\/div>\n\t\t<\/div>\n\t\t\t\t\t\t\t\t<\/div>\n\t\t\t\t\t<\/div>\n\t\t<\/section>\n\t\t\t\t<section class=\"elementor-section elementor-top-section elementor-element elementor-element-9930569 elementor-section-boxed elementor-section-height-default elementor-section-height-default\" data-id=\"9930569\" data-element_type=\"section\">\n\t\t\t\t\t\t<div class=\"elementor-container elementor-column-gap-default\">\n\t\t\t\t\t\t\t<div class=\"elementor-row\">\n\t\t\t\t\t<div class=\"elementor-column elementor-col-100 elementor-top-column elementor-element elementor-element-ef69d53\" data-id=\"ef69d53\" data-element_type=\"column\">\n\t\t\t<div class=\"elementor-column-wrap elementor-element-populated\">\n\t\t\t\t\t\t\t<div class=\"elementor-widget-wrap\">\n\t\t\t\t\t\t<div class=\"elementor-element elementor-element-4d9c8fc elementor-widget elementor-widget-heading\" data-id=\"4d9c8fc\" data-element_type=\"widget\" data-widget_type=\"heading.default\">\n\t\t\t\t<div class=\"elementor-widget-container\">\n\t\t\t<h3 class=\"elementor-heading-title elementor-size-default\">\u00ab LA DANSE, CET ART DU MOUVEMENT QUI RASSEMBLE DE FACON DYNAMIQUE TOUTES LES PARTS DE MON \u00caTRE \u00bb  G. ROTH<\/h3>\t\t<\/div>\n\t\t\t\t<\/div>\n\t\t\t\t<div class=\"elementor-element elementor-element-ad3404a elementor-widget elementor-widget-image\" data-id=\"ad3404a\" data-element_type=\"widget\" data-widget_type=\"image.default\">\n\t\t\t\t<div class=\"elementor-widget-container\">\n\t\t\t\t\t\t\t\t<div class=\"elementor-image\">\n\t\t\t\t\t\t\t\t\t\t\t\t<img width=\"300\" height=\"292\" src=\"https:\/\/www.visioninterieure.fr\/hevidanse\/wp-content\/uploads\/2020\/04\/Danse-Afro-sensitive-1-300x292.jpg\" class=\"attachment-medium size-medium\" alt=\"\" loading=\"lazy\" srcset=\"https:\/\/www.visioninterieure.fr\/hevidanse\/wp-content\/uploads\/2020\/04\/Danse-Afro-sensitive-1-300x292.jpg 300w, https:\/\/www.visioninterieure.fr\/hevidanse\/wp-content\/uploads\/2020\/04\/Danse-Afro-sensitive-1.jpg 450w\" sizes=\"(max-width: 300px) 100vw, 300px\" \/>\t\t\t\t\t\t\t\t\t\t\t\t\t\t<\/div>\n\t\t\t\t\t\t<\/div>\n\t\t\t\t<\/div>\n\t\t\t\t<div class=\"elementor-element elementor-element-608ec18 elementor-arrows-position-inside elementor-pagination-position-outside elementor-widget elementor-widget-image-carousel\" data-id=\"608ec18\" data-element_type=\"widget\" data-settings=\"{&quot;navigation&quot;:&quot;both&quot;,&quot;autoplay&quot;:&quot;yes&quot;,&quot;pause_on_hover&quot;:&quot;yes&quot;,&quot;pause_on_interaction&quot;:&quot;yes&quot;,&quot;autoplay_speed&quot;:5000,&quot;infinite&quot;:&quot;yes&quot;,&quot;speed&quot;:500}\" data-widget_type=\"image-carousel.default\">\n\t\t\t\t<div class=\"elementor-widget-container\">\n\t\t\t\t\t<div class=\"elementor-image-carousel-wrapper swiper-container\" dir=\"ltr\">\n\t\t\t<div class=\"elementor-image-carousel swiper-wrapper\">\n\t\t\t\t\t\t\t\t<div class=\"swiper-slide\"><figure class=\"swiper-slide-inner\"><img class=\"swiper-slide-image\" src=\"https:\/\/www.visioninterieure.fr\/hevidanse\/wp-content\/uploads\/2020\/04\/IMG_20230505_190533-768x1024.jpg\" alt=\"IMG_20230505_190533\" \/><\/figure><\/div><div class=\"swiper-slide\"><figure class=\"swiper-slide-inner\"><img class=\"swiper-slide-image\" src=\"https:\/\/www.visioninterieure.fr\/hevidanse\/wp-content\/uploads\/2020\/04\/IMG_20230505_190513-768x1024.jpg\" alt=\"IMG_20230505_190513\" \/><\/figure><\/div><div class=\"swiper-slide\"><figure class=\"swiper-slide-inner\"><img class=\"swiper-slide-image\" src=\"https:\/\/www.visioninterieure.fr\/hevidanse\/wp-content\/uploads\/2020\/04\/IMG_20230505_191024-768x1024.jpg\" alt=\"IMG_20230505_191024\" \/><\/figure><\/div><div class=\"swiper-slide\"><figure class=\"swiper-slide-inner\"><img class=\"swiper-slide-image\" src=\"https:\/\/www.visioninterieure.fr\/hevidanse\/wp-content\/uploads\/2020\/04\/IMG_20230505_191045-768x1024.jpg\" alt=\"IMG_20230505_191045\" \/><\/figure><\/div><div class=\"swiper-slide\"><figure class=\"swiper-slide-inner\"><img class=\"swiper-slide-image\" src=\"https:\/\/www.visioninterieure.fr\/hevidanse\/wp-content\/uploads\/2020\/04\/IMG_20230505_191145-scaled.jpg\" alt=\"\" \/><\/figure><\/div><div class=\"swiper-slide\"><figure class=\"swiper-slide-inner\"><img class=\"swiper-slide-image\" src=\"https:\/\/www.visioninterieure.fr\/hevidanse\/wp-content\/uploads\/2020\/04\/IMG_20230505_191059-768x1024.jpg\" alt=\"rbt\" \/><\/figure><\/div><div class=\"swiper-slide\"><figure class=\"swiper-slide-inner\"><img class=\"swiper-slide-image\" src=\"https:\/\/www.visioninterieure.fr\/hevidanse\/wp-content\/uploads\/2020\/04\/IMG_20230505_191219-768x1024.jpg\" alt=\"IMG_20230505_191219\" \/><\/figure><\/div><div class=\"swiper-slide\"><figure class=\"swiper-slide-inner\"><img class=\"swiper-slide-image\" src=\"https:\/\/www.visioninterieure.fr\/hevidanse\/wp-content\/uploads\/2020\/04\/IMG_20230505_191248-768x1024.jpg\" alt=\"IMG_20230505_191248\" \/><\/figure><\/div><div class=\"swiper-slide\"><figure class=\"swiper-slide-inner\"><img class=\"swiper-slide-image\" src=\"https:\/\/www.visioninterieure.fr\/hevidanse\/wp-content\/uploads\/2020\/04\/IMG_20230505_191309-768x1024.jpg\" alt=\"IMG_20230505_191309\" \/><\/figure><\/div><div class=\"swiper-slide\"><figure class=\"swiper-slide-inner\"><img class=\"swiper-slide-image\" src=\"https:\/\/www.visioninterieure.fr\/hevidanse\/wp-content\/uploads\/2020\/04\/IMG_20230505_190519-768x1024.jpg\" alt=\"IMG_20230505_190519\" \/><\/figure><\/div>\t\t\t<\/div>\n\t\t\t\t\t\t\t\t\t\t\t\t<div class=\"swiper-pagination\"><\/div>\n\t\t\t\t\t\t\t\t\t\t\t\t\t<div class=\"elementor-swiper-button elementor-swiper-button-prev\">\n\t\t\t\t\t\t<i aria-hidden=\"true\" class=\"eicon-chevron-left\"><\/i>\t\t\t\t\t\t<span class=\"elementor-screen-only\">Pr\u00e9c\u00e9dent<\/span>\n\t\t\t\t\t<\/div>\n\t\t\t\t\t<div class=\"elementor-swiper-button elementor-swiper-button-next\">\n\t\t\t\t\t\t<i aria-hidden=\"true\" class=\"eicon-chevron-right\"><\/i>\t\t\t\t\t\t<span class=\"elementor-screen-only\">Suivant<\/span>\n\t\t\t\t\t<\/div>\n\t\t\t\t\t\t\t\t\t<\/div>\n\t\t\t\t<\/div>\n\t\t\t\t<\/div>\n\t\t\t\t\t\t<\/div>\n\t\t\t\t\t<\/div>\n\t\t<\/div>\n\t\t\t\t\t\t\t\t<\/div>\n\t\t\t\t\t<\/div>\n\t\t<\/section>\n\t\t\t\t<section class=\"elementor-section elementor-top-section elementor-element elementor-element-1fec66d elementor-section-boxed elementor-section-height-default elementor-section-height-default\" data-id=\"1fec66d\" data-element_type=\"section\">\n\t\t\t\t\t\t<div class=\"elementor-container elementor-column-gap-default\">\n\t\t\t\t\t\t\t<div class=\"elementor-row\">\n\t\t\t\t\t<div class=\"elementor-column elementor-col-100 elementor-top-column elementor-element elementor-element-f64f341\" data-id=\"f64f341\" data-element_type=\"column\">\n\t\t\t<div class=\"elementor-column-wrap elementor-element-populated\">\n\t\t\t\t\t\t\t<div class=\"elementor-widget-wrap\">\n\t\t\t\t\t\t<div class=\"elementor-element elementor-element-85b37c5 elementor-widget elementor-widget-text-editor\" data-id=\"85b37c5\" data-element_type=\"widget\" data-widget_type=\"text-editor.default\">\n\t\t\t\t<div class=\"elementor-widget-container\">\n\t\t\t\t\t\t\t\t<div class=\"elementor-text-editor elementor-clearfix\">\n\t\t\t\t<p><span style=\"color: #f57d05;\"><strong>ASSOCIATION SOIS ET DANSE<\/strong><\/span><\/p><p>La Danse Afro sensitive est n\u00e9e en 2019, avec l&rsquo;envie de proposer une synth\u00e8se de mon parcours, (danse sensitive, danse d&rsquo;expression africaine, danse des 5 rythmes \u2026.),<\/p><p>J&rsquo;y invite les participants \u00e0 la pr\u00e9sence au corps, aux sensations, \u00e0 tout ce qui s&rsquo;articule dans la douceur et l&rsquo;\u00e9coute de soi,<br \/>Le rythme avec des propositions de mouvements simples permet de revenir dans ses pieds, il structure,\u00a0 et lib\u00e8re les tensions,<br \/>Le cercle invite \u00e0\u00a0 la joie d\u2019une danse partag\u00e9e sur un m\u00eame rythme.<br \/>On peut ensuite s&rsquo;autoriser \u00e0 laisser monter l&rsquo;\u00e9nergie, et \u00e0 danser , tel un voyage lib\u00e9rateur pour le corps et l&rsquo;esprit.<\/p><p>\u00ab DANSER POUR BOUGER SON CORPS, SON MENTAL, SON COEUR, SON \u00c2ME, SON ESPRIT \u00bb G. ROTH<br \/>\u00ab Retrouver son potentiel de cr\u00e9ativit\u00e9,<br \/>Lib\u00e9rer son corps pour conna\u00eetre le pouvoir de l&rsquo;\u00eatre<br \/>Exprimer son coeur pour conna\u00eetre le pouvoir de l&rsquo;Amour<br \/>Vider le mental pour conna\u00eetre le pouvoir de la Connaissance de soi,<br \/>Mon rem\u00e8de, c&rsquo;est le mouvement. \u00bb G. ROTH<\/p><p><b>Dates et lieu <\/b>: 1 vendredi\/mois<strong> \u00e0 Nieul les Saintes 17810<\/strong><\/p><p>19 Septembre,\u00a0 17 Octobre, 14 Novembre, 12 D\u00e9cembre 2025, 16 Janvier , 13 F\u00e9vrier, 13 Mars, 10 Avril, 22 Mai et 05 Juin 2026<\/p>\t\t\t\t\t<\/div>\n\t\t\t\t\t\t<\/div>\n\t\t\t\t<\/div>\n\t\t\t\t\t\t<\/div>\n\t\t\t\t\t<\/div>\n\t\t<\/div>\n\t\t\t\t\t\t\t\t<\/div>\n\t\t\t\t\t<\/div>\n\t\t<\/section>\n\t\t\t\t<section class=\"elementor-section elementor-top-section elementor-element elementor-element-10dff36 elementor-section-boxed elementor-section-height-default elementor-section-height-default\" data-id=\"10dff36\" data-element_type=\"section\">\n\t\t\t\t\t\t<div class=\"elementor-container elementor-column-gap-default\">\n\t\t\t\t\t\t\t<div class=\"elementor-row\">\n\t\t\t\t\t<div class=\"elementor-column elementor-col-100 elementor-top-column elementor-element elementor-element-9d7b756\" data-id=\"9d7b756\" data-element_type=\"column\">\n\t\t\t<div class=\"elementor-column-wrap\">\n\t\t\t\t\t\t\t<div class=\"elementor-widget-wrap\">\n\t\t\t\t\t\t\t\t<\/div>\n\t\t\t\t\t<\/div>\n\t\t<\/div>\n\t\t\t\t\t\t\t\t<\/div>\n\t\t\t\t\t<\/div>\n\t\t<\/section>\n\t\t\t\t\t\t<\/div>\n\t\t\t\t\t\t<\/div>\n\t\t\t\t\t<\/div>\n\t\t","protected":false},"excerpt":{"rendered":"<p>Danse Afro Sensitive \u00ab LA DANSE, CET ART DU MOUVEMENT QUI RASSEMBLE DE FACON DYNAMIQUE TOUTES LES PARTS DE MON \u00caTRE \u00bb G. ROTH Pr\u00e9c\u00e9dent&hellip;<\/p>\n","protected":false},"author":1,"featured_media":0,"comment_status":"closed","ping_status":"open","sticky":false,"template":"","format":"standard","meta":[],"categories":[10],"tags":[],"_links":{"self":[{"href":"https:\/\/www.visioninterieure.fr\/hevidanse\/index.php\/wp-json\/wp\/v2\/posts\/955"}],"collection":[{"href":"https:\/\/www.visioninterieure.fr\/hevidanse\/index.php\/wp-json\/wp\/v2\/posts"}],"about":[{"href":"https:\/\/www.visioninterieure.fr\/hevidanse\/index.php\/wp-json\/wp\/v2\/types\/post"}],"author":[{"embeddable":true,"href":"https:\/\/www.visioninterieure.fr\/hevidanse\/index.php\/wp-json\/wp\/v2\/users\/1"}],"replies":[{"embeddable":true,"href":"https:\/\/www.visioninterieure.fr\/hevidanse\/index.php\/wp-json\/wp\/v2\/comments?post=955"}],"version-history":[{"count":58,"href":"https:\/\/www.visioninterieure.fr\/hevidanse\/index.php\/wp-json\/wp\/v2\/posts\/955\/revisions"}],"predecessor-version":[{"id":1811,"href":"https:\/\/www.visioninterieure.fr\/hevidanse\/index.php\/wp-json\/wp\/v2\/posts\/955\/revisions\/1811"}],"wp:attachment":[{"href":"https:\/\/www.visioninterieure.fr\/hevidanse\/index.php\/wp-json\/wp\/v2\/media?parent=955"}],"wp:term":[{"taxonomy":"category","embeddable":true,"href":"https:\/\/www.visioninterieure.fr\/hevidanse\/index.php\/wp-json\/wp\/v2\/categories?post=955"},{"taxonomy":"post_tag","embeddable":true,"href":"https:\/\/www.visioninterieure.fr\/hevidanse\/index.php\/wp-json\/wp\/v2\/tags?post=955"}],"curies":[{"name":"wp","href":"https:\/\/api.w.org\/{rel}","templated":true}]}}